{"id":881,"date":"2018-08-30T16:03:44","date_gmt":"2018-08-30T14:03:44","guid":{"rendered":"http:\/\/www.odbojkapiran.si\/?p=881"},"modified":"2018-08-30T16:04:55","modified_gmt":"2018-08-30T14:04:55","slug":"vpisi-v-solo-odbojke-2018-2019","status":"publish","type":"post","link":"https:\/\/www.odbojkapiran.si\/?p=881","title":{"rendered":"VPISI V \u0160OLO ODBOJKE (2018\/2019)"},"content":{"rendered":"<div id=\"pl-881\"  class=\"panel-layout\" >\n<div id=\"pg-881-0\"  class=\"panel-grid panel-no-style\" >\n<div id=\"pgc-881-0-0\"  class=\"panel-grid-cell\"  data-weight=\"1\" >\n<div id=\"panel-881-0-0-0\" class=\"so-panel widget widget_sow-editor panel-first-child panel-last-child\" data-index=\"0\" data-style=\"{&quot;background_image_attachment&quot;:false,&quot;background_display&quot;:&quot;tile&quot;}\" >\n<div class=\"so-widget-sow-editor so-widget-sow-editor-base\">\n<div class=\"siteorigin-widget-tinymce textwidget\">\n<h3><strong>Pri\u010deli smo z vpisi v \u0160OLO ODBOJKE v novem \u0161olskem letu 2018\/2019!<\/strong><\/h3>\n<p>Vpisi bodo potekali po slede\u010dem urniku:<\/p>\n<table style=\"border-collapse: collapse; width: 100%;\" border=\"1\">\n<tbody>\n<tr style=\"background-color: #75baeb;\">\n<td style=\"width: 252.267px;\">\n<h3><strong>\u0160OLSKA ODBOJKA<\/strong><\/h3>\n<\/td>\n<td style=\"width: 154.4px;\"><strong>starostna kategorija<\/strong><\/td>\n<td style=\"width: 203.333px;\"><strong>urnik vpisov:<\/strong><\/td>\n<\/tr>\n<tr>\n<td style=\"width: 252.267px;\">O\u0160 Lucija<\/td>\n<td style=\"width: 154.4px;\">1.- 9. razred<\/td>\n<td style=\"width: 203.333px;\">po urniku \u0161ole<\/td>\n<\/tr>\n<tr>\n<td style=\"width: 252.267px;\">O\u0160 Ciril Kosma\u010d Piran<\/td>\n<td style=\"width: 154.4px;\">1.- 9. razred<\/td>\n<td style=\"width: 203.333px;\">torek, 15:15 &#8211; 16:00<br \/>\n\u010detrtek, 14:15 &#8211; 15:00<\/td>\n<\/tr>\n<tr>\n<td style=\"width: 252.267px;\">O\u0160 Ciril Kosma\u010d Portoro\u017e<\/td>\n<td style=\"width: 154.4px;\">1.- 9. razred<\/td>\n<td style=\"width: 203.333px;\">torek, 14:15 &#8211; 15:00<br \/>\n\u010detrtek, 15:15 &#8211; 16:00<\/td>\n<\/tr>\n<tr>\n<td style=\"width: 252.267px;\">O\u0160 Se\u010dovlje<\/td>\n<td style=\"width: 154.4px;\">1.- 9. razred<\/td>\n<td style=\"width: 203.333px;\">po urniku \u0161ole<\/td>\n<\/tr>\n<tr>\n<td style=\"width: 252.267px;\">SE Vincenzo e Diego de Castro Pirano<\/td>\n<td style=\"width: 154.4px;\">1.- 9. razred<\/td>\n<td style=\"width: 203.333px;\">po urniku \u0161ole<\/td>\n<\/tr>\n<\/tbody>\n<\/table>\n<p>V kolikor \u017eelite redno trenirati in tekmovati vas vabimo na treninge v klub:<\/p>\n<table style=\"border-collapse: collapse; width: 100%;\" border=\"1\">\n<tbody>\n<tr style=\"background-color: #75baeb;\">\n<td style=\"width: 252.267px;\">\n<h3><strong>KLUBSKA ODBOJKA<\/strong><\/h3>\n<\/td>\n<td style=\"width: 154.4px;\"><strong>starostna kategorija<\/strong><\/td>\n<td style=\"width: 203.333px;\"><strong>urnik vpisov:<\/strong><\/td>\n<\/tr>\n<tr>\n<td style=\"width: 252.267px;\">\u0160portna dvorana Lucija<\/td>\n<td style=\"width: 154.4px;\">6 &#8211; 18 let<\/td>\n<td style=\"width: 203.333px;\">ponedeljek, sreda, petek<br \/>\n15:30 &#8211; 17:00<\/td>\n<\/tr>\n<\/tbody>\n<\/table>\n<h4>Kontakti za ve\u010d informacij:<\/h4>\n<ul>\n<li>Bogdan Pajek: 041-357-123 \u00a0\/ bogdan.pajek@gmail.com<\/li>\n<li>Goran Jovi\u010di\u0107: 040-585-660 \/\u00a0 jovicic.goran50@gmail.com<\/li>\n<\/ul>\n<\/div>\n<\/div>\n<\/div>\n<\/div>\n<\/div>\n<\/div>\n<style type=\"text\/css\" class=\"panels-style\" data-panels-style-for-post=\"881\">@import url(http:\/\/www.odbojkapiran.si\/wp-content\/plugins\/siteorigin-panels\/css\/front-flex.min.css); #pgc-881-0-0 { width:100%;width:calc(100% - ( 0 * 30px ) ) } #pl-881 #panel-881-0-0-0 {  } #pl-881 .so-panel { margin-bottom:30px } #pl-881 .so-panel:last-child { margin-bottom:0px } @media (max-width:780px){ #pg-881-0.panel-no-style, #pg-881-0.panel-has-style > .panel-row-style { -webkit-flex-direction:column;-ms-flex-direction:column;flex-direction:column } #pg-881-0 .panel-grid-cell { margin-right:0 } #pg-881-0 .panel-grid-cell { width:100% } #pl-881 .panel-grid-cell { padding:0 } #pl-881 .panel-grid .panel-grid-cell-empty { display:none } #pl-881 .panel-grid .panel-grid-cell-mobile-last { margin-bottom:0px }  } <\/style>\n","protected":false},"excerpt":{"rendered":"<p>Pri\u010deli smo z vpisi v \u0160OLO ODBOJKE v novem \u0161olskem letu 2018\/2019! Vpisi bodo potekali po slede\u010dem urniku: \u0160OLSKA ODBOJKA starostna kategorija urnik vpisov: O\u0160 Lucija 1.- 9. razred po urniku \u0161ole O\u0160 Ciril Kosma\u010d Piran 1.- 9. razred torek, 15:15 &#8211; 16:00 \u010detrtek, 14:15 &#8211; 15:00 O\u0160 Ciril Kosma\u010d Portoro\u017e 1.- 9. razred torek, [&hellip;]<\/p>\n","protected":false},"author":1,"featured_media":882,"comment_status":"closed","ping_status":"closed","sticky":false,"template":"","format":"standard","meta":[],"categories":[19],"tags":[],"_links":{"self":[{"href":"https:\/\/www.odbojkapiran.si\/index.php?rest_route=\/wp\/v2\/posts\/881"}],"collection":[{"href":"https:\/\/www.odbojkapiran.si\/index.php?rest_route=\/wp\/v2\/posts"}],"about":[{"href":"https:\/\/www.odbojkapiran.si\/index.php?rest_route=\/wp\/v2\/types\/post"}],"author":[{"embeddable":true,"href":"https:\/\/www.odbojkapiran.si\/index.php?rest_route=\/wp\/v2\/users\/1"}],"replies":[{"embeddable":true,"href":"https:\/\/www.odbojkapiran.si\/index.php?rest_route=%2Fwp%2Fv2%2Fcomments&post=881"}],"version-history":[{"count":4,"href":"https:\/\/www.odbojkapiran.si\/index.php?rest_route=\/wp\/v2\/posts\/881\/revisions"}],"predecessor-version":[{"id":886,"href":"https:\/\/www.odbojkapiran.si\/index.php?rest_route=\/wp\/v2\/posts\/881\/revisions\/886"}],"wp:featuredmedia":[{"embeddable":true,"href":"https:\/\/www.odbojkapiran.si\/index.php?rest_route=\/wp\/v2\/media\/882"}],"wp:attachment":[{"href":"https:\/\/www.odbojkapiran.si\/index.php?rest_route=%2Fwp%2Fv2%2Fmedia&parent=881"}],"wp:term":[{"taxonomy":"category","embeddable":true,"href":"https:\/\/www.odbojkapiran.si\/index.php?rest_route=%2Fwp%2Fv2%2Fcategories&post=881"},{"taxonomy":"post_tag","embeddable":true,"href":"https:\/\/www.odbojkapiran.si\/index.php?rest_route=%2Fwp%2Fv2%2Ftags&post=881"}],"curies":[{"name":"wp","href":"https:\/\/api.w.org\/{rel}","templated":true}]}}