{"id":639,"date":"2018-05-15T13:22:07","date_gmt":"2018-05-15T11:22:07","guid":{"rendered":"http:\/\/www.odbojkapiran.si\/?p=639"},"modified":"2018-08-30T16:16:36","modified_gmt":"2018-08-30T14:16:36","slug":"sola-odbojke-2018-2019","status":"publish","type":"post","link":"https:\/\/www.odbojkapiran.si\/?p=639","title":{"rendered":"Poletna \u0161ola odbojke 2018"},"content":{"rendered":"<h3><strong>O KLUBU<\/strong><\/h3>\n<p style=\"text-align: justify;\">Pred \u0161estimi leti smo pri\u010deli s \u0161olo odbojke v osnovnih \u0161olah Lucija, Piran in Se\u010dovlje za deklice\u00a0 med 10. in 12. letom. V tem obdobju se je odbojkarskih elementov in igre nau\u010dilo \u010dez dvesto petdeset otrok. Kvalitetno delo na\u0161ih trenerjev, dobra organizacija dru\u0161tva, motivirani otroci in pomo\u010d star\u0161ev so nam omogo\u010dili kvalitetni preskok od najni\u017ejih lig v mladinskih kategorijah do tekmovanja za prvaka Slovenije v posameznih mladinskih kategorijah. Isto\u010dasno smo sodelovali v 3. dr\u017eavni ligi in v sezoni 2018\/2019 bomo tekmovali z najbolj\u0161imi ekipami v 1.b dr\u017eavni odbojkarski ligi Slovenije. Posebej smo ponosni, da so vse tekmovalke \u010dlanice na\u0161ega dru\u0161tva od prvih korakov na odbojkarskih igri\u0161\u010dih. Poleg uspehov na igri\u0161\u010du, pa so tudi zelo uspe\u0161ne dijakinje in \u0161tudentke.<\/p>\n<h3><strong>\u0160D Piran vpisuje nove \u010dlanice v \u0161olo odbojke na mivki ter dvoransko odbojko<\/strong><\/h3>\n<p style=\"text-align: justify;\">Z novim \u0161olskim letom za\u010denjamo nov izobra\u017eevalni in tekmovalni ciklus z ve\u010djim vpisom v odbojkarsko \u0161olo deklic od 1. do 9. razreda osnovne \u0161ole. Kot pogoj za celoletno delo smo v telovadnici zagotovili zadostno \u0161tevilo terminov za treninge, uspe\u0161no pa zaklju\u010dujemo tudi z gradnjo na\u0161ih zunanjih igri\u0161\u010d za odbojko na mivki.<\/p>\n<p style=\"text-align: justify;\"><strong>\u0160olo odbojke bo vodil Goran Jovi\u010di\u0107, trener mednarodnega razreda.<\/strong> Trener, ki je v svoji dolgoletni karieri vodil vrsto klubov v Sloveniji in tujini. Kot trener mladinskih odbojkarskih reprezentanc Slovenije je tekmoval na Evropskih prvenstvih. Z \u017eensko \u010dlansko reprezentanco Slovenije je osvojil \u010detrto mesto na Sredozemskih igrah 2013 v Tur\u010diji.<br \/>\nZastavili smo si cilje, ki na prvo mesto postavlja zdravo, \u0161portno \u017eivljenje na\u0161ih otrok. Dru\u017eabnost in spoznavanje novih prijateljev skozi tekmovanja na razli\u010dnih nivojih. Podpiramo veselje do dela, treninga in vzgojo veselih, zdravih, uspe\u0161nih mladih ljudi.<\/p>\n<h3><strong>KDO?<\/strong><\/h3>\n<p>Vabljene k VPISU:<\/p>\n<ul>\n<li>DEKLICE OD 01.-03. RAZREDA<\/li>\n<li>DEKLICE OD 03.-06. RAZREDA<\/li>\n<li>DEKLETA OD 07.-09. RAZREDA<\/li>\n<\/ul>\n<h3><strong>KJE?<\/strong><\/h3>\n<p style=\"text-align: justify;\">Treningi bodo v <strong>poletnem \u010dasu potekali<\/strong><strong> v Luciji:<\/strong><\/p>\n<ul>\n<li style=\"text-align: justify;\"><strong>na rtu Se\u010da<\/strong> na novozgrajenih <strong>igri\u0161\u010dih na mivki<\/strong><\/li>\n<\/ul>\n<p style=\"text-align: justify;\">Konec poletja se bomo preselili v dvorano, kjer bomo nadaljevali s treningi do naslednjega poletja. Treningi bodo <strong>\u010dez leto za najmlaj\u0161e potekali v telovadnicah<\/strong>:<\/p>\n<ul>\n<li>O\u0160 Lucija<\/li>\n<li>O\u0160 Cirila Kosma\u010da Piran<\/li>\n<li>O\u0160 Se\u010dovlje<\/li>\n<\/ul>\n<h3><strong>PRIJAVE SPREJEMAJO:<\/strong><\/h3>\n<ul>\n<li>Bogdan Pajek: 041-357-123 \u00a0\/ bogdan.pajek@gmail.com<\/li>\n<li>Goran Jovi\u010di\u0107: 040-585-660 \/\u00a0 jovicic.goran50@gmail.com<\/li>\n<\/ul>\n","protected":false},"excerpt":{"rendered":"<p>O KLUBU Pred \u0161estimi leti smo pri\u010deli s \u0161olo odbojke v osnovnih \u0161olah Lucija, Piran in Se\u010dovlje za deklice\u00a0 med 10. in 12. letom. V tem obdobju se je odbojkarskih elementov in igre nau\u010dilo \u010dez dvesto petdeset otrok. Kvalitetno delo na\u0161ih trenerjev, dobra organizacija dru\u0161tva, motivirani otroci in pomo\u010d star\u0161ev so nam omogo\u010dili kvalitetni preskok [&hellip;]<\/p>\n","protected":false},"author":1,"featured_media":664,"comment_status":"closed","ping_status":"open","sticky":true,"template":"","format":"standard","meta":[],"categories":[19],"tags":[],"_links":{"self":[{"href":"https:\/\/www.odbojkapiran.si\/index.php?rest_route=\/wp\/v2\/posts\/639"}],"collection":[{"href":"https:\/\/www.odbojkapiran.si\/index.php?rest_route=\/wp\/v2\/posts"}],"about":[{"href":"https:\/\/www.odbojkapiran.si\/index.php?rest_route=\/wp\/v2\/types\/post"}],"author":[{"embeddable":true,"href":"https:\/\/www.odbojkapiran.si\/index.php?rest_route=\/wp\/v2\/users\/1"}],"replies":[{"embeddable":true,"href":"https:\/\/www.odbojkapiran.si\/index.php?rest_route=%2Fwp%2Fv2%2Fcomments&post=639"}],"version-history":[{"count":7,"href":"https:\/\/www.odbojkapiran.si\/index.php?rest_route=\/wp\/v2\/posts\/639\/revisions"}],"predecessor-version":[{"id":887,"href":"https:\/\/www.odbojkapiran.si\/index.php?rest_route=\/wp\/v2\/posts\/639\/revisions\/887"}],"wp:featuredmedia":[{"embeddable":true,"href":"https:\/\/www.odbojkapiran.si\/index.php?rest_route=\/wp\/v2\/media\/664"}],"wp:attachment":[{"href":"https:\/\/www.odbojkapiran.si\/index.php?rest_route=%2Fwp%2Fv2%2Fmedia&parent=639"}],"wp:term":[{"taxonomy":"category","embeddable":true,"href":"https:\/\/www.odbojkapiran.si\/index.php?rest_route=%2Fwp%2Fv2%2Fcategories&post=639"},{"taxonomy":"post_tag","embeddable":true,"href":"https:\/\/www.odbojkapiran.si\/index.php?rest_route=%2Fwp%2Fv2%2Ftags&post=639"}],"curies":[{"name":"wp","href":"https:\/\/api.w.org\/{rel}","templated":true}]}}